{"id":24925,"date":"2025-02-07T08:20:29","date_gmt":"2025-02-07T08:20:29","guid":{"rendered":"https:\/\/www.ortoforum.eu\/ro\/?p=24925"},"modified":"2025-02-07T08:53:25","modified_gmt":"2025-02-07T08:53:25","slug":"programul-de-educatie-medicala-continua-cu-dr-roland-mannchen","status":"publish","type":"post","link":"https:\/\/www.ortoforum.eu\/en\/2025\/02\/07\/programul-de-educatie-medicala-continua-cu-dr-roland-mannchen\/","title":{"rendered":"Programul de Educatie Medicala Continua cu Dr. Roland M\u00e4nnchen"},"content":{"rendered":"<h1 class=\"wp-block-heading\">\u00a0<\/h1><p>Salutare, dragi colegi!<\/p><p>Avem pl\u0103cerea de a relansa invita\u021bia la Programul de Educa\u021bie Medical\u0103 Continua, coordonat de renumitul Dr. Roland M\u00e4nnchen din Elve\u021bia. Acest program, care se va desf\u0103\u0219ura pe o perioad\u0103 de trei ani, va \u00eencepe \u00een 2025 \u0219i va avea loc la T\u00e2rgu-Mure\u0219.<\/p><h2 class=\"wp-block-heading\">Detalii Program<\/h2><ul class=\"wp-block-list\"><li><strong>Perioada<\/strong>: 2025 &#8211; 2027<\/li>\r\n\r\n<li><strong>Cursuri<\/strong>: Dou\u0103 cursuri pe an (Aprilie \u0219i Octombrie)<\/li>\r\n\r\n<li><strong>Durata fiec\u0103rui curs<\/strong>: 3 zile<\/li><\/ul><h3 class=\"wp-block-heading\">Ce ve\u021bi \u00eenv\u0103\u021ba?<\/h3><p>Programul este conceput pentru a oferi nu doar cuno\u0219tin\u021be teoretice, ci \u0219i exerci\u021bii practice esen\u021biale pentru specializarea \u00een ortodontie. Printre temele abordate se num\u0103r\u0103:<\/p><ul class=\"wp-block-list\"><li><strong>Relozvarea malocluziilor utiliz\u00e2nd electrodont<\/strong>: O tehnic\u0103 inovatoare care v\u0103 va ajuta s\u0103 aborda\u021bi cazuri complexe.<\/li>\r\n\r\n<li><strong>Inserarea de mini-implantate<\/strong>: \u00cenv\u0103\u021ba\u021bi cum s\u0103 integra\u021bi mini-implanturile \u00een practica dumneavoastr\u0103 pentru rezultate optime.<\/li>\r\n\r\n<li><strong>Discu\u021bii aprofundate privind realizarea unui plan de tratament personalizat<\/strong>: Acest aspect este crucial pentru a oferi pacien\u021bilor cele mai bune solu\u021bii.<\/li><\/ul><h3 class=\"wp-block-heading\">De ce s\u0103 participa\u021bi?<\/h3><p>Acest program reprezint\u0103 o oportunitate unic\u0103 de a v\u0103 perfec\u021biona abilit\u0103\u021bile \u0219i de a \u00eenv\u0103\u021ba de la unul dintre cei mai respecta\u021bi speciali\u0219ti \u00een domeniu. Ve\u021bi avea ocazia s\u0103 interac\u021biona\u021bi cu colegi din domeniu, s\u0103 \u00eemp\u0103rt\u0103\u0219i\u021bi experien\u021be \u0219i s\u0103 v\u0103 dezvolta\u021bi re\u021beaua profesional\u0103.<\/p><h3 class=\"wp-block-heading\">Save the Date!<\/h3><p>Nu rata\u021bi ocazia de a participa la acest program valoros! Detaliile suplimentare \u0219i modalitatea de \u00eenscriere sunt disponibile la:<\/p><p><strong>Dr. David Angelescu<\/strong><br \/>Email: <a href=\"mailto:angelescudavid@yahoo.com\">angelescudavid@yahoo.com<\/a><br \/>Telefon: 0745433315<\/p><p>V\u0103 a\u0219tept\u0103m cu entuziasm s\u0103 v\u0103 al\u0103tura\u021bi acestui parcurs educa\u021bional care va transforma practica dumneavoastr\u0103 ortodontic\u0103! Nu ezita\u021bi s\u0103 ne contacta\u021bi pentru orice \u00eentreb\u0103ri sau informa\u021bii suplimentare.<\/p><p><strong>\u00cempreun\u0103, putem atinge noi culmi \u00een ortodontie!<\/strong><\/p><p>&nbsp;<\/p><figure class=\"wp-block-gallery has-nested-images columns-default is-cropped wp-block-gallery-1 is-layout-flex wp-block-gallery-is-layout-flex\"><\/figure><figure class=\"wp-block-gallery has-nested-images columns-default is-cropped wp-block-gallery-2 is-layout-flex wp-block-gallery-is-layout-flex\">\r\n\r\n\r\n\r\n\r\n\r\n\r\n\r\n\r\n\r\n\r\n\r\n\r\n\r\n<\/figure><p>&nbsp;<\/p><figure class=\"wp-block-image size-large\"><img loading=\"lazy\" decoding=\"async\" width=\"1024\" height=\"768\" class=\"wp-image-24944\" src=\"https:\/\/www.ortoforum.eu\/wp-content\/uploads\/2025\/02\/1-1024x768.jpg\" alt=\"\" srcset=\"https:\/\/www.ortoforum.eu\/wp-content\/uploads\/2025\/02\/1-1024x768.jpg 1024w, https:\/\/www.ortoforum.eu\/wp-content\/uploads\/2025\/02\/1-300x225.jpg 300w, https:\/\/www.ortoforum.eu\/wp-content\/uploads\/2025\/02\/1-768x576.jpg 768w, https:\/\/www.ortoforum.eu\/wp-content\/uploads\/2025\/02\/1-1536x1152.jpg 1536w, https:\/\/www.ortoforum.eu\/wp-content\/uploads\/2025\/02\/1-600x450.jpg 600w, https:\/\/www.ortoforum.eu\/wp-content\/uploads\/2025\/02\/1.jpg 2048w\" sizes=\"auto, (max-width: 1024px) 100vw, 1024px\" \/><\/figure><figure class=\"wp-block-image size-large\"><img loading=\"lazy\" decoding=\"async\" width=\"1024\" height=\"770\" class=\"wp-image-24945\" src=\"https:\/\/www.ortoforum.eu\/wp-content\/uploads\/2025\/02\/2-1024x770.jpg\" alt=\"\" srcset=\"https:\/\/www.ortoforum.eu\/wp-content\/uploads\/2025\/02\/2-1024x770.jpg 1024w, https:\/\/www.ortoforum.eu\/wp-content\/uploads\/2025\/02\/2-300x226.jpg 300w, https:\/\/www.ortoforum.eu\/wp-content\/uploads\/2025\/02\/2-768x578.jpg 768w, https:\/\/www.ortoforum.eu\/wp-content\/uploads\/2025\/02\/2-1536x1155.jpg 1536w, https:\/\/www.ortoforum.eu\/wp-content\/uploads\/2025\/02\/2-600x451.jpg 600w, https:\/\/www.ortoforum.eu\/wp-content\/uploads\/2025\/02\/2.jpg 2048w\" sizes=\"auto, (max-width: 1024px) 100vw, 1024px\" \/><\/figure><figure class=\"wp-block-image size-large\"><img loading=\"lazy\" decoding=\"async\" width=\"1024\" height=\"768\" class=\"wp-image-24946\" src=\"https:\/\/www.ortoforum.eu\/wp-content\/uploads\/2025\/02\/3-1024x768.jpg\" alt=\"\" srcset=\"https:\/\/www.ortoforum.eu\/wp-content\/uploads\/2025\/02\/3-1024x768.jpg 1024w, https:\/\/www.ortoforum.eu\/wp-content\/uploads\/2025\/02\/3-300x225.jpg 300w, https:\/\/www.ortoforum.eu\/wp-content\/uploads\/2025\/02\/3-768x576.jpg 768w, https:\/\/www.ortoforum.eu\/wp-content\/uploads\/2025\/02\/3-1536x1152.jpg 1536w, https:\/\/www.ortoforum.eu\/wp-content\/uploads\/2025\/02\/3-600x450.jpg 600w, https:\/\/www.ortoforum.eu\/wp-content\/uploads\/2025\/02\/3.jpg 2048w\" sizes=\"auto, (max-width: 1024px) 100vw, 1024px\" \/><\/figure><figure class=\"wp-block-image size-large\"><img loading=\"lazy\" decoding=\"async\" width=\"1024\" height=\"768\" class=\"wp-image-24947\" src=\"https:\/\/www.ortoforum.eu\/wp-content\/uploads\/2025\/02\/4-1024x768.jpg\" alt=\"\" srcset=\"https:\/\/www.ortoforum.eu\/wp-content\/uploads\/2025\/02\/4-1024x768.jpg 1024w, https:\/\/www.ortoforum.eu\/wp-content\/uploads\/2025\/02\/4-300x225.jpg 300w, https:\/\/www.ortoforum.eu\/wp-content\/uploads\/2025\/02\/4-768x576.jpg 768w, https:\/\/www.ortoforum.eu\/wp-content\/uploads\/2025\/02\/4-1536x1152.jpg 1536w, https:\/\/www.ortoforum.eu\/wp-content\/uploads\/2025\/02\/4-600x450.jpg 600w, https:\/\/www.ortoforum.eu\/wp-content\/uploads\/2025\/02\/4.jpg 2048w\" sizes=\"auto, (max-width: 1024px) 100vw, 1024px\" \/><\/figure><figure class=\"wp-block-image size-large\"><img loading=\"lazy\" decoding=\"async\" width=\"1024\" height=\"768\" class=\"wp-image-24948\" src=\"https:\/\/www.ortoforum.eu\/wp-content\/uploads\/2025\/02\/5-1024x768.jpg\" alt=\"\" srcset=\"https:\/\/www.ortoforum.eu\/wp-content\/uploads\/2025\/02\/5-1024x768.jpg 1024w, https:\/\/www.ortoforum.eu\/wp-content\/uploads\/2025\/02\/5-300x225.jpg 300w, https:\/\/www.ortoforum.eu\/wp-content\/uploads\/2025\/02\/5-768x576.jpg 768w, https:\/\/www.ortoforum.eu\/wp-content\/uploads\/2025\/02\/5-1536x1152.jpg 1536w, https:\/\/www.ortoforum.eu\/wp-content\/uploads\/2025\/02\/5-600x450.jpg 600w, https:\/\/www.ortoforum.eu\/wp-content\/uploads\/2025\/02\/5.jpg 2048w\" sizes=\"auto, (max-width: 1024px) 100vw, 1024px\" \/><\/figure><figure class=\"wp-block-image size-large\"><img loading=\"lazy\" decoding=\"async\" width=\"1024\" height=\"768\" class=\"wp-image-24950\" src=\"https:\/\/www.ortoforum.eu\/wp-content\/uploads\/2025\/02\/6-1024x768.jpg\" alt=\"\" srcset=\"https:\/\/www.ortoforum.eu\/wp-content\/uploads\/2025\/02\/6-1024x768.jpg 1024w, https:\/\/www.ortoforum.eu\/wp-content\/uploads\/2025\/02\/6-300x225.jpg 300w, https:\/\/www.ortoforum.eu\/wp-content\/uploads\/2025\/02\/6-768x576.jpg 768w, https:\/\/www.ortoforum.eu\/wp-content\/uploads\/2025\/02\/6-1536x1152.jpg 1536w, https:\/\/www.ortoforum.eu\/wp-content\/uploads\/2025\/02\/6-600x450.jpg 600w, https:\/\/www.ortoforum.eu\/wp-content\/uploads\/2025\/02\/6.jpg 2048w\" sizes=\"auto, (max-width: 1024px) 100vw, 1024px\" \/><\/figure><figure class=\"wp-block-image size-large\"><img loading=\"lazy\" decoding=\"async\" width=\"1024\" height=\"766\" class=\"wp-image-24951\" src=\"https:\/\/www.ortoforum.eu\/wp-content\/uploads\/2025\/02\/7-1024x766.jpg\" alt=\"\" srcset=\"https:\/\/www.ortoforum.eu\/wp-content\/uploads\/2025\/02\/7-1024x766.jpg 1024w, https:\/\/www.ortoforum.eu\/wp-content\/uploads\/2025\/02\/7-300x224.jpg 300w, https:\/\/www.ortoforum.eu\/wp-content\/uploads\/2025\/02\/7-768x575.jpg 768w, https:\/\/www.ortoforum.eu\/wp-content\/uploads\/2025\/02\/7-1536x1149.jpg 1536w, https:\/\/www.ortoforum.eu\/wp-content\/uploads\/2025\/02\/7-600x449.jpg 600w, https:\/\/www.ortoforum.eu\/wp-content\/uploads\/2025\/02\/7.jpg 2048w\" sizes=\"auto, (max-width: 1024px) 100vw, 1024px\" \/><\/figure><figure class=\"wp-block-image size-large\"><img loading=\"lazy\" decoding=\"async\" width=\"1024\" height=\"769\" class=\"wp-image-24952\" src=\"https:\/\/www.ortoforum.eu\/wp-content\/uploads\/2025\/02\/8-1024x769.jpg\" alt=\"\" srcset=\"https:\/\/www.ortoforum.eu\/wp-content\/uploads\/2025\/02\/8-1024x769.jpg 1024w, https:\/\/www.ortoforum.eu\/wp-content\/uploads\/2025\/02\/8-300x225.jpg 300w, https:\/\/www.ortoforum.eu\/wp-content\/uploads\/2025\/02\/8-768x576.jpg 768w, https:\/\/www.ortoforum.eu\/wp-content\/uploads\/2025\/02\/8-1536x1153.jpg 1536w, https:\/\/www.ortoforum.eu\/wp-content\/uploads\/2025\/02\/8-600x450.jpg 600w, https:\/\/www.ortoforum.eu\/wp-content\/uploads\/2025\/02\/8.jpg 2048w\" sizes=\"auto, (max-width: 1024px) 100vw, 1024px\" \/><\/figure><figure class=\"wp-block-image size-large\"><img loading=\"lazy\" decoding=\"async\" width=\"2048\" height=\"1537\" class=\"wp-image-24953\" src=\"https:\/\/www.ortoforum.eu\/wp-content\/uploads\/2025\/02\/9-1024x769.jpg\" alt=\"\" srcset=\"https:\/\/www.ortoforum.eu\/wp-content\/uploads\/2025\/02\/9-1024x769.jpg 1024w, https:\/\/www.ortoforum.eu\/wp-content\/uploads\/2025\/02\/9-300x225.jpg 300w, https:\/\/www.ortoforum.eu\/wp-content\/uploads\/2025\/02\/9-768x576.jpg 768w, https:\/\/www.ortoforum.eu\/wp-content\/uploads\/2025\/02\/9-1536x1153.jpg 1536w, https:\/\/www.ortoforum.eu\/wp-content\/uploads\/2025\/02\/9-600x450.jpg 600w, https:\/\/www.ortoforum.eu\/wp-content\/uploads\/2025\/02\/9.jpg 2048w\" sizes=\"auto, (max-width: 2048px) 100vw, 2048px\" \/><\/figure>","protected":false},"excerpt":{"rendered":"<p>\u00a0 Salutare, dragi colegi! Avem pl\u0103cerea de a relansa invita\u021bia la Programul de Educa\u021bie Medical\u0103 Continua, coordonat de renumitul Dr. Roland M\u00e4nnchen din Elve\u021bia. Acest program, care se va desf\u0103\u0219ura pe o perioad\u0103 de trei ani, va \u00eencepe \u00een 2025 \u0219i va avea loc la T\u00e2rgu-Mure\u0219. Detalii Program Ce ve\u021bi \u00eenv\u0103\u021ba? Programul este conceput pentru&hellip;<\/p>\n","protected":false},"author":2,"featured_media":24928,"comment_status":"open","ping_status":"open","sticky":false,"template":"","format":"standard","meta":{"footnotes":""},"categories":[16],"tags":[],"class_list":["post-24925","post","type-post","status-publish","format-standard","has-post-thumbnail","hentry","category-company-news","category-16","description-off"],"_links":{"self":[{"href":"https:\/\/www.ortoforum.eu\/en\/wp-json\/wp\/v2\/posts\/24925","targetHints":{"allow":["GET"]}}],"collection":[{"href":"https:\/\/www.ortoforum.eu\/en\/wp-json\/wp\/v2\/posts"}],"about":[{"href":"https:\/\/www.ortoforum.eu\/en\/wp-json\/wp\/v2\/types\/post"}],"author":[{"embeddable":true,"href":"https:\/\/www.ortoforum.eu\/en\/wp-json\/wp\/v2\/users\/2"}],"replies":[{"embeddable":true,"href":"https:\/\/www.ortoforum.eu\/en\/wp-json\/wp\/v2\/comments?post=24925"}],"version-history":[{"count":8,"href":"https:\/\/www.ortoforum.eu\/en\/wp-json\/wp\/v2\/posts\/24925\/revisions"}],"predecessor-version":[{"id":24955,"href":"https:\/\/www.ortoforum.eu\/en\/wp-json\/wp\/v2\/posts\/24925\/revisions\/24955"}],"wp:featuredmedia":[{"embeddable":true,"href":"https:\/\/www.ortoforum.eu\/en\/wp-json\/wp\/v2\/media\/24928"}],"wp:attachment":[{"href":"https:\/\/www.ortoforum.eu\/en\/wp-json\/wp\/v2\/media?parent=24925"}],"wp:term":[{"taxonomy":"category","embeddable":true,"href":"https:\/\/www.ortoforum.eu\/en\/wp-json\/wp\/v2\/categories?post=24925"},{"taxonomy":"post_tag","embeddable":true,"href":"https:\/\/www.ortoforum.eu\/en\/wp-json\/wp\/v2\/tags?post=24925"}],"curies":[{"name":"wp","href":"https:\/\/api.w.org\/{rel}","templated":true}]}}