{"id":25062,"date":"2025-07-01T10:31:33","date_gmt":"2025-07-01T10:31:33","guid":{"rendered":"https:\/\/www.ortoforum.eu\/ro\/?p=25062"},"modified":"2025-07-01T10:32:09","modified_gmt":"2025-07-01T10:32:09","slug":"educatia-functionala-in-viata-de-zi-cu-zi-cu-u-concept-2","status":"publish","type":"post","link":"https:\/\/www.ortoforum.eu\/en\/2025\/07\/01\/educatia-functionala-in-viata-de-zi-cu-zi-cu-u-concept-2\/","title":{"rendered":"Educa\u021bia Func\u021bional\u0103 \u00een via\u021ba de zi cu zi cu U-concept"},"content":{"rendered":"<p><strong>Invita\u021bie la cursul de ortodontie: Educa\u021bia Func\u021bional\u0103 \u00een via\u021ba de zi cu zi cu U-concept<\/strong><\/p><p>V\u0103 invit\u0103m s\u0103 participa\u021bi la un curs dedicat educa\u021biei func\u021bionale \u0219i dezvolt\u0103rii s\u0103n\u0103toase a urm\u0103toarelor genera\u021bii.<\/p><p><strong>Detalii eveniment:<\/strong><br>\ud83d\uddd3 Data: Vineri, 12 Decembrie 2025<br>\ud83d\udd58 Ora: 9:00 &#8211; 18:00<br>\ud83d\udccd Loca\u021bie: Grang Hotel Italia, Cluj Napoca<\/p><p><strong>Subiecte abordate:<\/strong><\/p><ul class=\"wp-block-list\"><li>Cum putem ajuta la dezvoltarea s\u0103n\u0103toas\u0103 a copiilor \u0219i tinerilor prin metode moderne \u0219i eficiente<\/li>\n\n<li>U-concept \u0219i aplicabilitatea sa \u00een ortodon\u021bie<\/li><\/ul><p><strong>\u00censcrieri:<\/strong><br>Pentru rezervarea locului, v\u0103 rug\u0103m s\u0103 contacta\u021bi la:<br>\ud83d\udcde Tel: 0722 202 90<br>\ud83d\udce7 Email: <a href=\"mailto:office@ortoforum.eu\">office@ortoforum.eu<\/a><br>\ud83c\udf10 Website: <a href=\"http:\/\/www.ortoforum.eu\/\">www.ortoforum.eu<\/a><\/p><p>V\u0103 a\u0219tept\u0103m cu drag pentru a \u00eemp\u0103rt\u0103\u0219i cuno\u0219tin\u021be \u0219i experien\u021be \u00eentr-un cadru profesionist \u0219i prietenos!<\/p><p><\/p>","protected":false},"excerpt":{"rendered":"<p>Invita\u021bie la cursul de ortodontie: Educa\u021bia Func\u021bional\u0103 \u00een via\u021ba de zi cu zi cu U-concept V\u0103 invit\u0103m s\u0103 participa\u021bi la un curs dedicat educa\u021biei func\u021bionale \u0219i dezvolt\u0103rii s\u0103n\u0103toase a urm\u0103toarelor genera\u021bii. Detalii eveniment:\ud83d\uddd3 Data: Vineri, 12 Decembrie 2025\ud83d\udd58 Ora: 9:00 &#8211; 18:00\ud83d\udccd Loca\u021bie: Grang Hotel Italia, Cluj Napoca Subiecte abordate: \u00censcrieri:Pentru rezervarea locului, v\u0103 rug\u0103m&hellip;<\/p>\n","protected":false},"author":2,"featured_media":25063,"comment_status":"open","ping_status":"open","sticky":false,"template":"","format":"standard","meta":{"footnotes":""},"categories":[16],"tags":[],"class_list":["post-25062","post","type-post","status-publish","format-standard","has-post-thumbnail","hentry","category-company-news","category-16","description-off"],"_links":{"self":[{"href":"https:\/\/www.ortoforum.eu\/en\/wp-json\/wp\/v2\/posts\/25062","targetHints":{"allow":["GET"]}}],"collection":[{"href":"https:\/\/www.ortoforum.eu\/en\/wp-json\/wp\/v2\/posts"}],"about":[{"href":"https:\/\/www.ortoforum.eu\/en\/wp-json\/wp\/v2\/types\/post"}],"author":[{"embeddable":true,"href":"https:\/\/www.ortoforum.eu\/en\/wp-json\/wp\/v2\/users\/2"}],"replies":[{"embeddable":true,"href":"https:\/\/www.ortoforum.eu\/en\/wp-json\/wp\/v2\/comments?post=25062"}],"version-history":[{"count":5,"href":"https:\/\/www.ortoforum.eu\/en\/wp-json\/wp\/v2\/posts\/25062\/revisions"}],"predecessor-version":[{"id":25072,"href":"https:\/\/www.ortoforum.eu\/en\/wp-json\/wp\/v2\/posts\/25062\/revisions\/25072"}],"wp:featuredmedia":[{"embeddable":true,"href":"https:\/\/www.ortoforum.eu\/en\/wp-json\/wp\/v2\/media\/25063"}],"wp:attachment":[{"href":"https:\/\/www.ortoforum.eu\/en\/wp-json\/wp\/v2\/media?parent=25062"}],"wp:term":[{"taxonomy":"category","embeddable":true,"href":"https:\/\/www.ortoforum.eu\/en\/wp-json\/wp\/v2\/categories?post=25062"},{"taxonomy":"post_tag","embeddable":true,"href":"https:\/\/www.ortoforum.eu\/en\/wp-json\/wp\/v2\/tags?post=25062"}],"curies":[{"name":"wp","href":"https:\/\/api.w.org\/{rel}","templated":true}]}}