{"id":77,"date":"2024-09-30T09:58:12","date_gmt":"2024-09-30T09:58:12","guid":{"rendered":"https:\/\/the7.io\/weed\/?p=77"},"modified":"2025-07-01T10:07:17","modified_gmt":"2025-07-01T10:07:17","slug":"nulla-iaculis-efficitu-from-weed","status":"publish","type":"post","link":"https:\/\/www.ortoforum.eu\/ro\/2024\/09\/30\/nulla-iaculis-efficitu-from-weed\/","title":{"rendered":"Curs de Ortodon\u021bie Learning By Doing &#8211; Edi\u021bia a 5-a: Inova\u021bie \u0219i Practic\u0103 Interdisciplinar\u0103"},"content":{"rendered":"<h3>Curs de Ortodon\u021bie Learning By Doing &#8211; Edi\u021bia a 5-a: Inova\u021bie \u0219i Practic\u0103 Interdisciplinar\u0103<\/h3>\n<p><strong>Bine a\u021bi venit la edi\u021bia a 5-a a cursului de ortodon\u021bie Learning By Doing!<\/strong> Aceast\u0103 edi\u021bie vine cu o restructurare major\u0103 pentru a se adapta mai bine cerin\u021belor actuale ale profesioni\u0219tilor din domeniu. \u00cen acest an, cursul se concentreaz\u0103 pe integrarea protocoalelor digitale \u00een practica zilnic\u0103 \u0219i pe avantajele pe care le ofer\u0103 acestea \u00een combina\u021bie cu metodele analoage tradi\u021bionale.<\/p>\n<h3>Ce aduce nou aceast\u0103 edi\u021bie?<\/h3>\n<p>\u00cen cadrul acestui curs vom pune accent pe:<\/p>\n<ul>\n<li><strong>Protocoale clinice clare \u0219i reproductibile<\/strong>: Vom \u00eenv\u0103\u021ba cum s\u0103 aplic\u0103m protocoale eficiente pentru a ob\u021bine rezultate consistente.<\/li>\n<li><strong>Integrarea proceselor digitale<\/strong>: \u00cen era tehnologiei, \u00eenv\u0103\u021barea modului de a combina tehnicile digitale cu cele analoage este esen\u021bial\u0103 pentru o practic\u0103 modern\u0103.<\/li>\n<li><strong>Abordare interdisciplinar\u0103<\/strong>: Acesta este principiul pe care s-a fundamentat platforma educa\u021bional\u0103 Learning By Doing \u00eenc\u0103 de la \u00eenfiin\u021barea sa \u00een 2014, platform\u0103 frecventat\u0103 anual de peste 100 de colegi.<\/li>\n<\/ul>\n<h3>Structura \u0219i loca\u021biile cursului<\/h3>\n<p>Cursul este structurat \u00een 4 module, desf\u0103\u0219urate \u00een dou\u0103 loca\u021bii diferite:<\/p>\n<ul>\n<li><strong>Primele 3 module<\/strong>: Vor avea loc la Clinica B the Dental Studio din Zal\u0103u.<\/li>\n<li><strong>Modulul 4<\/strong>: Se va desf\u0103\u0219ura la Cluj-Napoca \u0219i va aduce un accent deosebit pe sinergia interdisciplinar\u0103.<\/li>\n<\/ul>\n<p><strong>Durata total\u0103 a cursului este de 12 zile<\/strong>, \u00eemp\u0103r\u021bite \u00een 4 module de teorie \u0219i practic\u0103 clinic\u0103. Cursul va include \u0219i o \u00eent\u00e2lnire pre-curs online \u0219i 3 \u00eent\u00e2lniri online pe parcursul derul\u0103rii acestuia, datele fiind stabilite \u00eempreun\u0103 cu participan\u021bii.<\/p>\n<h3>Calendarul celor 4 module<\/h3>\n<ul>\n<li><strong>Modul 1<\/strong>: 19-21 septembrie 2024<\/li>\n<li><strong>Modul 2<\/strong>: 6-8 noiembrie 2024<\/li>\n<li><strong>Modul 3<\/strong>: 11-13 decembrie 2024<\/li>\n<li><strong>Modul 4<\/strong>: 23-25 ianuarie 2025<\/li>\n<\/ul>\n<h3>Ce ve\u021bi \u00eenv\u0103\u021ba \u00een fiecare modul?<\/h3>\n<p><strong>Modulul 1<\/strong>: [Dr. Diana Boangar, Dr. Christian Samoila]<\/p>\n<ul>\n<li>Achizi\u021bia datelor clinice, fotografia \u00een ortodon\u021bie, protocoale de amprentare \u0219i imagistic\u0103, analiza estetic\u0103 \u0219i func\u021bional\u0103, obiective virtuale de tratament.<\/li>\n<li><strong>Hands-on<\/strong>: Analiza muscular\u0103 \u0219i articular\u0103, tehnici de amprentare \u0219i \u00eenregistrare a rela\u021biilor inter-maxilare.<\/li>\n<\/ul>\n<p><strong>Modulul 2<\/strong>: [Dr. Diana Boangar, Dr. Christian Samoila]<\/p>\n<ul>\n<li>Disfunc\u021biile temporo-mandibulare, protocoale clinice bazate pe dovezi, biomecanica deplas\u0103rilor dentare, ancorajul scheletic.<\/li>\n<li><strong>Hands-on<\/strong>: Adaptarea gutierei Michigan, biomecanica dezincluziei de canin, biomecanica redres\u0103rii molarilor.<\/li>\n<\/ul>\n<p><strong>Modulul 3<\/strong>: [Dr. Diana Boangar, Dr. Christian Samoila]<\/p>\n<ul>\n<li>Tehnici de colare, tratamentul anomaliilor Clasa a II-a \u0219i Clasa a III-a, tratamentul cu alignere, IPR, finisare pentru rezultate estetice \u0219i func\u021bionale.<\/li>\n<li><strong>Hands-on<\/strong>: Modelarea arcurilor de contractie \u0219i finisare pentru tratamentul unei anomalii de Clasa a II-a cu 4 extrac\u021bii.<\/li>\n<\/ul>\n<p><strong>Modulul 4<\/strong>: [Dr. Daniela Balanean, Dr. Diana Boangar, Dr. Ionut Branzan, Dr. Ion Nicolescu, Dr. Christian Samoila + speaker invitat (TBA)]<\/p>\n<ul>\n<li>Sinergia oro-paro-protetic\u0103, protocoale evidence-based, sinergia chirurgical-ortodontic\u0103, subiect surpriz\u0103.<\/li>\n<li><strong>Aceast\u0103 zi este deschis\u0103 tuturor colaboratorilor de alte specialit\u0103\u021bi ai cursan\u021bilor.<\/strong><\/li>\n<\/ul>\n<h3>\u00censcrieri \u0219i detalii de contact<\/h3>\n<p>Pentru \u00eenscriere \u0219i detalii suplimentare, v\u0103 rug\u0103m s\u0103 contacta\u021bi coordonatorul cursului, Naomi Mastan, la num\u0103rul de telefon <strong>0742145194<\/strong> sau prin email la <strong><a rel=\"noopener\">orthomasterconcept@gmail.com<\/a><\/strong>. Mai multe informa\u021bii despre cursurile noastre \u0219i activit\u0103\u021bile educa\u021bionale pot fi g\u0103site pe <a href=\"http:\/\/www.learningbydoing.ro\" target=\"_new\" rel=\"noopener\">www.learningbydoing.ro<\/a>.<\/p>\n<p><strong>Nu rata\u021bi aceast\u0103 oportunitate de a v\u0103 perfec\u021biona abilit\u0103\u021bile \u0219i de a v\u0103 alinia la cele mai noi standarde din ortodon\u021bie!<\/strong><\/p>\n","protected":false},"excerpt":{"rendered":"<p>Modul II 6-8 Noiembrie 2024<br \/>\nModul III 11-13 Decembrie 2024<br \/>\nModul IV 23-25 Ianuarie 2025<\/p>\n","protected":false},"author":2,"featured_media":1641,"comment_status":"open","ping_status":"open","sticky":false,"template":"","format":"standard","meta":{"footnotes":""},"categories":[16],"tags":[24],"class_list":["post-77","post","type-post","status-publish","format-standard","has-post-thumbnail","hentry","category-company-news","tag-news","category-16","description-off"],"_links":{"self":[{"href":"https:\/\/www.ortoforum.eu\/ro\/wp-json\/wp\/v2\/posts\/77","targetHints":{"allow":["GET"]}}],"collection":[{"href":"https:\/\/www.ortoforum.eu\/ro\/wp-json\/wp\/v2\/posts"}],"about":[{"href":"https:\/\/www.ortoforum.eu\/ro\/wp-json\/wp\/v2\/types\/post"}],"author":[{"embeddable":true,"href":"https:\/\/www.ortoforum.eu\/ro\/wp-json\/wp\/v2\/users\/2"}],"replies":[{"embeddable":true,"href":"https:\/\/www.ortoforum.eu\/ro\/wp-json\/wp\/v2\/comments?post=77"}],"version-history":[{"count":4,"href":"https:\/\/www.ortoforum.eu\/ro\/wp-json\/wp\/v2\/posts\/77\/revisions"}],"predecessor-version":[{"id":3045,"href":"https:\/\/www.ortoforum.eu\/ro\/wp-json\/wp\/v2\/posts\/77\/revisions\/3045"}],"wp:featuredmedia":[{"embeddable":true,"href":"https:\/\/www.ortoforum.eu\/ro\/wp-json\/wp\/v2\/media\/1641"}],"wp:attachment":[{"href":"https:\/\/www.ortoforum.eu\/ro\/wp-json\/wp\/v2\/media?parent=77"}],"wp:term":[{"taxonomy":"category","embeddable":true,"href":"https:\/\/www.ortoforum.eu\/ro\/wp-json\/wp\/v2\/categories?post=77"},{"taxonomy":"post_tag","embeddable":true,"href":"https:\/\/www.ortoforum.eu\/ro\/wp-json\/wp\/v2\/tags?post=77"}],"curies":[{"name":"wp","href":"https:\/\/api.w.org\/{rel}","templated":true}]}}